{"id":11694,"date":"2024-07-21T13:49:18","date_gmt":"2024-07-21T11:49:18","guid":{"rendered":"https:\/\/www.neteler.eu\/?p=11694"},"modified":"2024-07-23T12:26:55","modified_gmt":"2024-07-23T10:26:55","slug":"veranstaltungen-auf-borkum","status":"publish","type":"post","link":"https:\/\/www.neteler.eu\/de\/veranstaltungen-auf-borkum\/","title":{"rendered":"Veranstaltungen auf Borkum"},"content":{"rendered":"\t\t<div data-elementor-type=\"wp-post\" data-elementor-id=\"11694\" class=\"elementor elementor-11694\" data-elementor-post-type=\"post\">\n\t\t\t\t<div class=\"elementor-element elementor-element-0d839f7 e-flex e-con-boxed e-con e-parent\" data-id=\"0d839f7\" data-element_type=\"container\">\n\t\t\t\t\t<div class=\"e-con-inner\">\n\t\t\t\t<div class=\"elementor-element elementor-element-4415eed elementor-widget elementor-widget-heading\" data-id=\"4415eed\" data-element_type=\"widget\" data-widget_type=\"heading.default\">\n\t\t\t\t<div class=\"elementor-widget-container\">\n\t\t\t<style>\/*! elementor - v3.23.0 - 15-07-2024 *\/\n.elementor-heading-title{padding:0;margin:0;line-height:1}.elementor-widget-heading .elementor-heading-title[class*=elementor-size-]>a{color:inherit;font-size:inherit;line-height:inherit}.elementor-widget-heading .elementor-heading-title.elementor-size-small{font-size:15px}.elementor-widget-heading .elementor-heading-title.elementor-size-medium{font-size:19px}.elementor-widget-heading .elementor-heading-title.elementor-size-large{font-size:29px}.elementor-widget-heading .elementor-heading-title.elementor-size-xl{font-size:39px}.elementor-widget-heading .elementor-heading-title.elementor-size-xxl{font-size:59px}<\/style><h2 class=\"elementor-heading-title elementor-size-default\">Veranstaltungskalender <\/h2>\t\t<\/div>\n\t\t\t\t<\/div>\n\t\t\t\t\t<\/div>\n\t\t\t\t<\/div>\n\t\t<div class=\"elementor-element elementor-element-ad287ac e-flex e-con-boxed e-con e-parent\" data-id=\"ad287ac\" data-element_type=\"container\">\n\t\t\t\t\t<div class=\"e-con-inner\">\n\t\t\t\t<div class=\"elementor-element elementor-element-fee43d6 elementor-widget elementor-widget-text-editor\" data-id=\"fee43d6\" data-element_type=\"widget\" data-widget_type=\"text-editor.default\">\n\t\t\t\t<div class=\"elementor-widget-container\">\n\t\t\t<style>\/*! elementor - v3.23.0 - 15-07-2024 *\/\n.elementor-widget-text-editor.elementor-drop-cap-view-stacked .elementor-drop-cap{background-color:#69727d;color:#fff}.elementor-widget-text-editor.elementor-drop-cap-view-framed .elementor-drop-cap{color:#69727d;border:3px solid;background-color:transparent}.elementor-widget-text-editor:not(.elementor-drop-cap-view-default) .elementor-drop-cap{margin-top:8px}.elementor-widget-text-editor:not(.elementor-drop-cap-view-default) .elementor-drop-cap-letter{width:1em;height:1em}.elementor-widget-text-editor .elementor-drop-cap{float:left;text-align:center;line-height:1;font-size:50px}.elementor-widget-text-editor .elementor-drop-cap-letter{display:inline-block}<\/style>\t\t\t\t<p>Borkum, eine <strong>idyllische Insel<\/strong> in der Nordsee, bietet das ganze Jahr \u00fcber zahlreiche Veranstaltungen, die Besucher und Einheimische gleicherma\u00dfen begeistern. Im Sommer locken <strong>Open-Air-Konzerte, Strandpartys und das traditionelle Sch\u00fctzenfest<\/strong> viele G\u00e4ste an. Besonders beliebt sind die <strong>Wattwanderungen<\/strong>, bei denen Teilnehmer die einzigartige Flora und Fauna des Wattenmeers entdecken k\u00f6nnen. Kulturinteressierte genie\u00dfen die <strong>Borkumer Jazztage<\/strong> und die <strong>vielf\u00e4ltigen Theaterauff\u00fchrungen<\/strong>. Im Winter sorgt der Weihnachtsmarkt mit seinen festlich geschm\u00fcckten St\u00e4nden und regionalen Spezialit\u00e4ten f\u00fcr eine gem\u00fctliche Atmosph\u00e4re. Sportbegeisterte k\u00f6nnen sich auf <strong>Lauf- und Radrennen<\/strong> sowie Segelregatten freuen. Egal zu welcher Jahreszeit, Borkum bietet immer spannende und abwechslungsreiche Veranstaltungen.<\/p><p>\u00dcber den folgenden Link k\u00f6nnen Sie jederzeit den aktuellen Veranstaltungskalender einsehen und sich \u00fcber die Veranstaltungen zu Ihrem Reisezeitpunkt informieren. Vorbeischauen lohnt sich!\u00a0<\/p><p><a href=\"https:\/\/pages.destination.one\/de\/\" target=\"_blank\" rel=\"noopener\">https:\/\/pages.destination.one\/de<\/a><\/p><p>Au\u00dferdem m\u00f6chten wir Ihnen die <strong>&#8222;Mein-Borkum&#8220;-WebApp<\/strong> empfehlen. Sie erreichen die App unter <a href=\"http:\/\/willkommen.borkum.de\" target=\"_blank\" rel=\"noopener\">http:\/\/willkommen.borkum.de<\/a><\/p>\t\t\t\t\t\t<\/div>\n\t\t\t\t<\/div>\n\t\t\t\t\t<\/div>\n\t\t\t\t<\/div>\n\t\t\t\t<\/div>\n\t\t","protected":false},"excerpt":{"rendered":"<p>Veranstaltungskalender Borkum, eine idyllische Insel in der Nordsee, bietet das ganze Jahr \u00fcber zahlreiche Veranstaltungen, die Besucher und Einheimische gleicherma\u00dfen begeistern. Im Sommer locken Open-Air-Konzerte, Strandpartys und das traditionelle Sch\u00fctzenfest viele G\u00e4ste an. Besonders beliebt sind die Wattwanderungen, bei denen Teilnehmer die einzigartige Flora und Fauna des Wattenmeers entdecken k\u00f6nnen. Kulturinteressierte genie\u00dfen die Borkumer Jazztage [&hellip;]<\/p>\n","protected":false},"author":2,"featured_media":11695,"comment_status":"closed","ping_status":"closed","sticky":false,"template":"","format":"standard","meta":{"_acf_changed":false,"footnotes":""},"categories":[1],"tags":[],"class_list":["post-11694","post","type-post","status-publish","format-standard","has-post-thumbnail","hentry","category-unkategorisiert"],"acf":[],"yoast_head":"<!-- This site is optimized with the Yoast SEO plugin v23.1 - https:\/\/yoast.com\/wordpress\/plugins\/seo\/ -->\n<title>Veranstaltungen auf Borkum - NETELER Apartments<\/title>\n<meta name=\"robots\" content=\"index, follow, max-snippet:-1, max-image-preview:large, max-video-preview:-1\" \/>\n<link rel=\"canonical\" href=\"https:\/\/www.neteler.eu\/de\/veranstaltungen-auf-borkum\/\" \/>\n<meta property=\"og:locale\" content=\"de_DE\" \/>\n<meta property=\"og:type\" content=\"article\" \/>\n<meta property=\"og:title\" content=\"Veranstaltungen auf Borkum - NETELER Apartments\" \/>\n<meta property=\"og:description\" content=\"Veranstaltungskalender Borkum, eine idyllische Insel in der Nordsee, bietet das ganze Jahr \u00fcber zahlreiche Veranstaltungen, die Besucher und Einheimische gleicherma\u00dfen begeistern. Im Sommer locken Open-Air-Konzerte, Strandpartys und das traditionelle Sch\u00fctzenfest viele G\u00e4ste an. Besonders beliebt sind die Wattwanderungen, bei denen Teilnehmer die einzigartige Flora und Fauna des Wattenmeers entdecken k\u00f6nnen. Kulturinteressierte genie\u00dfen die Borkumer Jazztage [&hellip;]\" \/>\n<meta property=\"og:url\" content=\"https:\/\/www.neteler.eu\/de\/veranstaltungen-auf-borkum\/\" \/>\n<meta property=\"og:site_name\" content=\"NETELER Apartments\" \/>\n<meta property=\"article:published_time\" content=\"2024-07-21T11:49:18+00:00\" \/>\n<meta property=\"article:modified_time\" content=\"2024-07-23T10:26:55+00:00\" \/>\n<meta property=\"og:image\" content=\"https:\/\/www.neteler.eu\/wp-content\/uploads\/2024\/07\/94A5959-scaled.jpg\" \/>\n\t<meta property=\"og:image:width\" content=\"2560\" \/>\n\t<meta property=\"og:image:height\" content=\"1707\" \/>\n\t<meta property=\"og:image:type\" content=\"image\/jpeg\" \/>\n<meta name=\"author\" content=\"urlaub@neteler.eu\" \/>\n<meta name=\"twitter:card\" content=\"summary_large_image\" \/>\n<meta name=\"twitter:label1\" content=\"Verfasst von\" \/>\n\t<meta name=\"twitter:data1\" content=\"urlaub@neteler.eu\" \/>\n\t<meta name=\"twitter:label2\" content=\"Gesch\u00e4tzte Lesezeit\" \/>\n\t<meta name=\"twitter:data2\" content=\"1\u00a0Minute\" \/>\n<script type=\"application\/ld+json\" class=\"yoast-schema-graph\">{\"@context\":\"https:\/\/schema.org\",\"@graph\":[{\"@type\":\"Article\",\"@id\":\"https:\/\/www.neteler.eu\/de\/veranstaltungen-auf-borkum\/#article\",\"isPartOf\":{\"@id\":\"https:\/\/www.neteler.eu\/de\/veranstaltungen-auf-borkum\/\"},\"author\":{\"name\":\"urlaub@neteler.eu\",\"@id\":\"https:\/\/www.neteler.eu\/de\/#\/schema\/person\/8d0d9e8194d740f20bf0ec9eda5db5fb\"},\"headline\":\"Veranstaltungen auf Borkum\",\"datePublished\":\"2024-07-21T11:49:18+00:00\",\"dateModified\":\"2024-07-23T10:26:55+00:00\",\"mainEntityOfPage\":{\"@id\":\"https:\/\/www.neteler.eu\/de\/veranstaltungen-auf-borkum\/\"},\"wordCount\":162,\"publisher\":{\"@id\":\"https:\/\/www.neteler.eu\/de\/#organization\"},\"image\":{\"@id\":\"https:\/\/www.neteler.eu\/de\/veranstaltungen-auf-borkum\/#primaryimage\"},\"thumbnailUrl\":\"https:\/\/www.neteler.eu\/wp-content\/uploads\/2024\/07\/94A5959-scaled.jpg\",\"articleSection\":[\"Unkategorisiert\"],\"inLanguage\":\"de\"},{\"@type\":\"WebPage\",\"@id\":\"https:\/\/www.neteler.eu\/de\/veranstaltungen-auf-borkum\/\",\"url\":\"https:\/\/www.neteler.eu\/de\/veranstaltungen-auf-borkum\/\",\"name\":\"Veranstaltungen auf Borkum - NETELER Apartments\",\"isPartOf\":{\"@id\":\"https:\/\/www.neteler.eu\/de\/#website\"},\"primaryImageOfPage\":{\"@id\":\"https:\/\/www.neteler.eu\/de\/veranstaltungen-auf-borkum\/#primaryimage\"},\"image\":{\"@id\":\"https:\/\/www.neteler.eu\/de\/veranstaltungen-auf-borkum\/#primaryimage\"},\"thumbnailUrl\":\"https:\/\/www.neteler.eu\/wp-content\/uploads\/2024\/07\/94A5959-scaled.jpg\",\"datePublished\":\"2024-07-21T11:49:18+00:00\",\"dateModified\":\"2024-07-23T10:26:55+00:00\",\"breadcrumb\":{\"@id\":\"https:\/\/www.neteler.eu\/de\/veranstaltungen-auf-borkum\/#breadcrumb\"},\"inLanguage\":\"de\",\"potentialAction\":[{\"@type\":\"ReadAction\",\"target\":[\"https:\/\/www.neteler.eu\/de\/veranstaltungen-auf-borkum\/\"]}]},{\"@type\":\"ImageObject\",\"inLanguage\":\"de\",\"@id\":\"https:\/\/www.neteler.eu\/de\/veranstaltungen-auf-borkum\/#primaryimage\",\"url\":\"https:\/\/www.neteler.eu\/wp-content\/uploads\/2024\/07\/94A5959-scaled.jpg\",\"contentUrl\":\"https:\/\/www.neteler.eu\/wp-content\/uploads\/2024\/07\/94A5959-scaled.jpg\",\"width\":2560,\"height\":1707},{\"@type\":\"BreadcrumbList\",\"@id\":\"https:\/\/www.neteler.eu\/de\/veranstaltungen-auf-borkum\/#breadcrumb\",\"itemListElement\":[{\"@type\":\"ListItem\",\"position\":1,\"name\":\"Startseite\",\"item\":\"https:\/\/www.neteler.eu\/de\/\"},{\"@type\":\"ListItem\",\"position\":2,\"name\":\"Veranstaltungen auf Borkum\"}]},{\"@type\":\"WebSite\",\"@id\":\"https:\/\/www.neteler.eu\/de\/#website\",\"url\":\"https:\/\/www.neteler.eu\/de\/\",\"name\":\"NETELER Apartments\",\"description\":\"\",\"publisher\":{\"@id\":\"https:\/\/www.neteler.eu\/de\/#organization\"},\"potentialAction\":[{\"@type\":\"SearchAction\",\"target\":{\"@type\":\"EntryPoint\",\"urlTemplate\":\"https:\/\/www.neteler.eu\/de\/?s={search_term_string}\"},\"query-input\":\"required name=search_term_string\"}],\"inLanguage\":\"de\"},{\"@type\":\"Organization\",\"@id\":\"https:\/\/www.neteler.eu\/de\/#organization\",\"name\":\"NETELER Apartments\",\"url\":\"https:\/\/www.neteler.eu\/de\/\",\"logo\":{\"@type\":\"ImageObject\",\"inLanguage\":\"de\",\"@id\":\"https:\/\/www.neteler.eu\/de\/#\/schema\/logo\/image\/\",\"url\":\"https:\/\/www.neteler.eu\/wp-content\/uploads\/2024\/01\/logo-2.png\",\"contentUrl\":\"https:\/\/www.neteler.eu\/wp-content\/uploads\/2024\/01\/logo-2.png\",\"width\":800,\"height\":200,\"caption\":\"NETELER Apartments\"},\"image\":{\"@id\":\"https:\/\/www.neteler.eu\/de\/#\/schema\/logo\/image\/\"}},{\"@type\":\"Person\",\"@id\":\"https:\/\/www.neteler.eu\/de\/#\/schema\/person\/8d0d9e8194d740f20bf0ec9eda5db5fb\",\"name\":\"urlaub@neteler.eu\",\"image\":{\"@type\":\"ImageObject\",\"inLanguage\":\"de\",\"@id\":\"https:\/\/www.neteler.eu\/de\/#\/schema\/person\/image\/\",\"url\":\"https:\/\/secure.gravatar.com\/avatar\/e2f8fca1e543541366f6c62468ba92d9?s=96&d=mm&r=g\",\"contentUrl\":\"https:\/\/secure.gravatar.com\/avatar\/e2f8fca1e543541366f6c62468ba92d9?s=96&d=mm&r=g\",\"caption\":\"urlaub@neteler.eu\"},\"url\":\"https:\/\/www.neteler.eu\/de\/author\/urlaubneteler-eu\/\"}]}<\/script>\n<!-- \/ Yoast SEO plugin. -->","yoast_head_json":{"title":"Veranstaltungen auf Borkum - NETELER Apartments","robots":{"index":"index","follow":"follow","max-snippet":"max-snippet:-1","max-image-preview":"max-image-preview:large","max-video-preview":"max-video-preview:-1"},"canonical":"https:\/\/www.neteler.eu\/de\/veranstaltungen-auf-borkum\/","og_locale":"de_DE","og_type":"article","og_title":"Veranstaltungen auf Borkum - NETELER Apartments","og_description":"Veranstaltungskalender Borkum, eine idyllische Insel in der Nordsee, bietet das ganze Jahr \u00fcber zahlreiche Veranstaltungen, die Besucher und Einheimische gleicherma\u00dfen begeistern. Im Sommer locken Open-Air-Konzerte, Strandpartys und das traditionelle Sch\u00fctzenfest viele G\u00e4ste an. Besonders beliebt sind die Wattwanderungen, bei denen Teilnehmer die einzigartige Flora und Fauna des Wattenmeers entdecken k\u00f6nnen. Kulturinteressierte genie\u00dfen die Borkumer Jazztage [&hellip;]","og_url":"https:\/\/www.neteler.eu\/de\/veranstaltungen-auf-borkum\/","og_site_name":"NETELER Apartments","article_published_time":"2024-07-21T11:49:18+00:00","article_modified_time":"2024-07-23T10:26:55+00:00","og_image":[{"width":2560,"height":1707,"url":"https:\/\/www.neteler.eu\/wp-content\/uploads\/2024\/07\/94A5959-scaled.jpg","type":"image\/jpeg"}],"author":"urlaub@neteler.eu","twitter_card":"summary_large_image","twitter_misc":{"Verfasst von":"urlaub@neteler.eu","Gesch\u00e4tzte Lesezeit":"1\u00a0Minute"},"schema":{"@context":"https:\/\/schema.org","@graph":[{"@type":"Article","@id":"https:\/\/www.neteler.eu\/de\/veranstaltungen-auf-borkum\/#article","isPartOf":{"@id":"https:\/\/www.neteler.eu\/de\/veranstaltungen-auf-borkum\/"},"author":{"name":"urlaub@neteler.eu","@id":"https:\/\/www.neteler.eu\/de\/#\/schema\/person\/8d0d9e8194d740f20bf0ec9eda5db5fb"},"headline":"Veranstaltungen auf Borkum","datePublished":"2024-07-21T11:49:18+00:00","dateModified":"2024-07-23T10:26:55+00:00","mainEntityOfPage":{"@id":"https:\/\/www.neteler.eu\/de\/veranstaltungen-auf-borkum\/"},"wordCount":162,"publisher":{"@id":"https:\/\/www.neteler.eu\/de\/#organization"},"image":{"@id":"https:\/\/www.neteler.eu\/de\/veranstaltungen-auf-borkum\/#primaryimage"},"thumbnailUrl":"https:\/\/www.neteler.eu\/wp-content\/uploads\/2024\/07\/94A5959-scaled.jpg","articleSection":["Unkategorisiert"],"inLanguage":"de"},{"@type":"WebPage","@id":"https:\/\/www.neteler.eu\/de\/veranstaltungen-auf-borkum\/","url":"https:\/\/www.neteler.eu\/de\/veranstaltungen-auf-borkum\/","name":"Veranstaltungen auf Borkum - NETELER Apartments","isPartOf":{"@id":"https:\/\/www.neteler.eu\/de\/#website"},"primaryImageOfPage":{"@id":"https:\/\/www.neteler.eu\/de\/veranstaltungen-auf-borkum\/#primaryimage"},"image":{"@id":"https:\/\/www.neteler.eu\/de\/veranstaltungen-auf-borkum\/#primaryimage"},"thumbnailUrl":"https:\/\/www.neteler.eu\/wp-content\/uploads\/2024\/07\/94A5959-scaled.jpg","datePublished":"2024-07-21T11:49:18+00:00","dateModified":"2024-07-23T10:26:55+00:00","breadcrumb":{"@id":"https:\/\/www.neteler.eu\/de\/veranstaltungen-auf-borkum\/#breadcrumb"},"inLanguage":"de","potentialAction":[{"@type":"ReadAction","target":["https:\/\/www.neteler.eu\/de\/veranstaltungen-auf-borkum\/"]}]},{"@type":"ImageObject","inLanguage":"de","@id":"https:\/\/www.neteler.eu\/de\/veranstaltungen-auf-borkum\/#primaryimage","url":"https:\/\/www.neteler.eu\/wp-content\/uploads\/2024\/07\/94A5959-scaled.jpg","contentUrl":"https:\/\/www.neteler.eu\/wp-content\/uploads\/2024\/07\/94A5959-scaled.jpg","width":2560,"height":1707},{"@type":"BreadcrumbList","@id":"https:\/\/www.neteler.eu\/de\/veranstaltungen-auf-borkum\/#breadcrumb","itemListElement":[{"@type":"ListItem","position":1,"name":"Startseite","item":"https:\/\/www.neteler.eu\/de\/"},{"@type":"ListItem","position":2,"name":"Veranstaltungen auf Borkum"}]},{"@type":"WebSite","@id":"https:\/\/www.neteler.eu\/de\/#website","url":"https:\/\/www.neteler.eu\/de\/","name":"NETELER Apartments","description":"","publisher":{"@id":"https:\/\/www.neteler.eu\/de\/#organization"},"potentialAction":[{"@type":"SearchAction","target":{"@type":"EntryPoint","urlTemplate":"https:\/\/www.neteler.eu\/de\/?s={search_term_string}"},"query-input":"required name=search_term_string"}],"inLanguage":"de"},{"@type":"Organization","@id":"https:\/\/www.neteler.eu\/de\/#organization","name":"NETELER Apartments","url":"https:\/\/www.neteler.eu\/de\/","logo":{"@type":"ImageObject","inLanguage":"de","@id":"https:\/\/www.neteler.eu\/de\/#\/schema\/logo\/image\/","url":"https:\/\/www.neteler.eu\/wp-content\/uploads\/2024\/01\/logo-2.png","contentUrl":"https:\/\/www.neteler.eu\/wp-content\/uploads\/2024\/01\/logo-2.png","width":800,"height":200,"caption":"NETELER Apartments"},"image":{"@id":"https:\/\/www.neteler.eu\/de\/#\/schema\/logo\/image\/"}},{"@type":"Person","@id":"https:\/\/www.neteler.eu\/de\/#\/schema\/person\/8d0d9e8194d740f20bf0ec9eda5db5fb","name":"urlaub@neteler.eu","image":{"@type":"ImageObject","inLanguage":"de","@id":"https:\/\/www.neteler.eu\/de\/#\/schema\/person\/image\/","url":"https:\/\/secure.gravatar.com\/avatar\/e2f8fca1e543541366f6c62468ba92d9?s=96&d=mm&r=g","contentUrl":"https:\/\/secure.gravatar.com\/avatar\/e2f8fca1e543541366f6c62468ba92d9?s=96&d=mm&r=g","caption":"urlaub@neteler.eu"},"url":"https:\/\/www.neteler.eu\/de\/author\/urlaubneteler-eu\/"}]}},"_links":{"self":[{"href":"https:\/\/www.neteler.eu\/de\/wp-json\/wp\/v2\/posts\/11694"}],"collection":[{"href":"https:\/\/www.neteler.eu\/de\/wp-json\/wp\/v2\/posts"}],"about":[{"href":"https:\/\/www.neteler.eu\/de\/wp-json\/wp\/v2\/types\/post"}],"author":[{"embeddable":true,"href":"https:\/\/www.neteler.eu\/de\/wp-json\/wp\/v2\/users\/2"}],"replies":[{"embeddable":true,"href":"https:\/\/www.neteler.eu\/de\/wp-json\/wp\/v2\/comments?post=11694"}],"version-history":[{"count":22,"href":"https:\/\/www.neteler.eu\/de\/wp-json\/wp\/v2\/posts\/11694\/revisions"}],"predecessor-version":[{"id":11857,"href":"https:\/\/www.neteler.eu\/de\/wp-json\/wp\/v2\/posts\/11694\/revisions\/11857"}],"wp:featuredmedia":[{"embeddable":true,"href":"https:\/\/www.neteler.eu\/de\/wp-json\/wp\/v2\/media\/11695"}],"wp:attachment":[{"href":"https:\/\/www.neteler.eu\/de\/wp-json\/wp\/v2\/media?parent=11694"}],"wp:term":[{"taxonomy":"category","embeddable":true,"href":"https:\/\/www.neteler.eu\/de\/wp-json\/wp\/v2\/categories?post=11694"},{"taxonomy":"post_tag","embeddable":true,"href":"https:\/\/www.neteler.eu\/de\/wp-json\/wp\/v2\/tags?post=11694"}],"curies":[{"name":"wp","href":"https:\/\/api.w.org\/{rel}","templated":true}]}}